{"id":799,"date":"2014-11-05T22:47:55","date_gmt":"2014-11-05T21:47:55","guid":{"rendered":"http:\/\/www.do-duc.fr\/wordpress\/?p=799"},"modified":"2015-06-19T06:31:16","modified_gmt":"2015-06-19T05:31:16","slug":"799","status":"publish","type":"post","link":"https:\/\/mathieu.do-duc.fr\/?p=799","title":{"rendered":"Location d&rsquo;expositions"},"content":{"rendered":"<p>Si vous \u00eates int\u00e9ress\u00e9 (e) (s) par mon travail, certains de ces travaux sont disponibles sous forme d&rsquo;exposition.\u00a0 Prenez\u00a0 contact directement sur le site, par mail <a href=\"mailto:mathieu.do-duc@wanadoo.fr%20soit\">mathieu.do-duc@wanadoo.fr\u00a0<\/a> ou en passant par les \u00e9ditions \u00ab\u00a0<span style=\"text-decoration: underline;\">Images Plurielles<\/span>\u00ab\u00a0.<!--more--><\/p>\n<h1>Photo la graphie moi<\/h1>\n<blockquote>\n<h3>Th\u00e8me Enfance<\/h3>\n<\/blockquote>\n<p>35 \u00e0 50 photographies encadr\u00e9es sous Marie-Louise<\/p>\n<h1>Body and soul<\/h1>\n<h3>Th\u00e8me Jazz<\/h3>\n<p>35 \u00e0 50 photographies encadr\u00e9es sous Marie-Louise<\/p>\n<h1>Et le soleil nous laisse \u00e0 des jours plus vieux&#8230;<\/h1>\n<h3>th\u00e8me Les ain\u00e9s<\/h3>\n<p>35 \u00e0 45 photographies<\/p>\n<h1>Vietnam 39<\/h1>\n<h3>th\u00e8me:\u00a0Retour au Vietnam apr\u00e8s 39 ans<\/h3>\n<p>35 \u00e0 50 photographies<\/p>\n","protected":false},"excerpt":{"rendered":"<p>Si vous \u00eates int\u00e9ress\u00e9 (e) (s) par mon travail, certains de ces travaux sont disponibles sous forme d&rsquo;exposition.\u00a0 Prenez\u00a0 contact directement sur le site, par mail mathieu.do-duc@wanadoo.fr\u00a0 ou en passant par les \u00e9ditions \u00ab\u00a0Images Plurielles\u00ab\u00a0.<\/p>\n","protected":false},"author":2,"featured_media":0,"comment_status":"closed","ping_status":"closed","sticky":false,"template":"","format":"standard","meta":[],"categories":[1,10],"tags":[],"_links":{"self":[{"href":"https:\/\/mathieu.do-duc.fr\/index.php?rest_route=\/wp\/v2\/posts\/799"}],"collection":[{"href":"https:\/\/mathieu.do-duc.fr\/index.php?rest_route=\/wp\/v2\/posts"}],"about":[{"href":"https:\/\/mathieu.do-duc.fr\/index.php?rest_route=\/wp\/v2\/types\/post"}],"author":[{"embeddable":true,"href":"https:\/\/mathieu.do-duc.fr\/index.php?rest_route=\/wp\/v2\/users\/2"}],"replies":[{"embeddable":true,"href":"https:\/\/mathieu.do-duc.fr\/index.php?rest_route=%2Fwp%2Fv2%2Fcomments&post=799"}],"version-history":[{"count":6,"href":"https:\/\/mathieu.do-duc.fr\/index.php?rest_route=\/wp\/v2\/posts\/799\/revisions"}],"predecessor-version":[{"id":1105,"href":"https:\/\/mathieu.do-duc.fr\/index.php?rest_route=\/wp\/v2\/posts\/799\/revisions\/1105"}],"wp:attachment":[{"href":"https:\/\/mathieu.do-duc.fr\/index.php?rest_route=%2Fwp%2Fv2%2Fmedia&parent=799"}],"wp:term":[{"taxonomy":"category","embeddable":true,"href":"https:\/\/mathieu.do-duc.fr\/index.php?rest_route=%2Fwp%2Fv2%2Fcategories&post=799"},{"taxonomy":"post_tag","embeddable":true,"href":"https:\/\/mathieu.do-duc.fr\/index.php?rest_route=%2Fwp%2Fv2%2Ftags&post=799"}],"curies":[{"name":"wp","href":"https:\/\/api.w.org\/{rel}","templated":true}]}}