{"id":793,"date":"2014-11-05T22:36:59","date_gmt":"2014-11-05T21:36:59","guid":{"rendered":"http:\/\/www.do-duc.fr\/wordpress\/?p=793"},"modified":"2015-06-19T06:31:16","modified_gmt":"2015-06-19T05:31:16","slug":"body-and-soul-libe","status":"publish","type":"post","link":"https:\/\/mathieu.do-duc.fr\/?p=793","title":{"rendered":"Body and Soul (Lib\u00e9)"},"content":{"rendered":"<p>Critique publi\u00e9e \u00e0 propos de sur \u00ab\u00a0Body and Soul\u00a0\u00bb<!--more--><\/p>\n<blockquote><p>L&rsquo;\u00e9diteur Images Plurielles sort aujourd&rsquo;hui <strong>Body and Soul, portraits de jazzmen<\/strong>. Un texte de Sarner, dont voici l&rsquo;entame, ouvre le coffret : \u00ab\u00c7a ne commence pas Continue seulement Continue comme l&rsquo;eau comme l&rsquo;Incendie et bouge dans le Large l&rsquo;Eperdu Ce qui se passe le de la Note apporte avec lui le soleil montant ou descendant ou la Nuit pleine la succession le Souffle&#8230;\u00bb L&rsquo;absence de ponctuation et les majuscules sont de lui. L\u2019enchainement des mots, l&rsquo;avalanche de phrases, le rythme en cascades, m&rsquo;a replong\u00e9 gamin sur des montagnes russes. Le po\u00e8te nous offre une autre \u00e9coute des solos de Chet Baker (\u00e0 gauche), d&rsquo;Art Farmer, de Miles Davis (photo en bas \u00e0 gauche), de David Murray. Des cr\u00e9ateurs infatigables, pour l&rsquo;\u00e9ternit\u00e9 debout sur les cartes dans le boitier, gr\u00e2ce au claquement de doigt du photographe.<\/p>\n<p>Quel festin!<\/p><\/blockquote>\n<blockquote><p>Le regard de Mathieu Do Duc traque les ombres int\u00e9rieures des musiciens. Je l&rsquo;ai v\u00e9rifi\u00e9 au Duc des Lombards le 24 juillet. L&rsquo;expression de d\u00e9fi permanent du saxophoniste Sonny Fortune (sur la photo de droite), qui improvisait ce soir-l\u00e0 sur Footprints de Wayne Shorter, Caravan et In a sentimental mood de Duke Ellington (avec le pianiste Kirk Lightsey et le contrebassiste Wayne Dockery), je la retrouve telle quelle dans les photos. Qu&rsquo;aper\u00e7oit Fortune que je ne vois pas? Qui toise-t-il? A qui parle-t-il d&rsquo;autre que le public? Sans doute aux ombres avec lesquelles Sarner converse r\u00e9guli\u00e8rement, entre les mots et les notes. Sur des tron\u00e7ons de route qui n&rsquo;existent pas encore. Du moins pas pour nous.<\/p><\/blockquote>\n<p>Bruno Pfeiffer blog lib\u00e9ration<\/p>\n","protected":false},"excerpt":{"rendered":"<p>Critique publi\u00e9e \u00e0 propos de sur \u00ab\u00a0Body and Soul\u00a0\u00bb<\/p>\n","protected":false},"author":2,"featured_media":0,"comment_status":"closed","ping_status":"closed","sticky":false,"template":"","format":"standard","meta":[],"categories":[4,1],"tags":[],"_links":{"self":[{"href":"https:\/\/mathieu.do-duc.fr\/index.php?rest_route=\/wp\/v2\/posts\/793"}],"collection":[{"href":"https:\/\/mathieu.do-duc.fr\/index.php?rest_route=\/wp\/v2\/posts"}],"about":[{"href":"https:\/\/mathieu.do-duc.fr\/index.php?rest_route=\/wp\/v2\/types\/post"}],"author":[{"embeddable":true,"href":"https:\/\/mathieu.do-duc.fr\/index.php?rest_route=\/wp\/v2\/users\/2"}],"replies":[{"embeddable":true,"href":"https:\/\/mathieu.do-duc.fr\/index.php?rest_route=%2Fwp%2Fv2%2Fcomments&post=793"}],"version-history":[{"count":3,"href":"https:\/\/mathieu.do-duc.fr\/index.php?rest_route=\/wp\/v2\/posts\/793\/revisions"}],"predecessor-version":[{"id":854,"href":"https:\/\/mathieu.do-duc.fr\/index.php?rest_route=\/wp\/v2\/posts\/793\/revisions\/854"}],"wp:attachment":[{"href":"https:\/\/mathieu.do-duc.fr\/index.php?rest_route=%2Fwp%2Fv2%2Fmedia&parent=793"}],"wp:term":[{"taxonomy":"category","embeddable":true,"href":"https:\/\/mathieu.do-duc.fr\/index.php?rest_route=%2Fwp%2Fv2%2Fcategories&post=793"},{"taxonomy":"post_tag","embeddable":true,"href":"https:\/\/mathieu.do-duc.fr\/index.php?rest_route=%2Fwp%2Fv2%2Ftags&post=793"}],"curies":[{"name":"wp","href":"https:\/\/api.w.org\/{rel}","templated":true}]}}