{"id":789,"date":"2014-11-05T22:31:08","date_gmt":"2014-11-05T21:31:08","guid":{"rendered":"http:\/\/www.do-duc.fr\/wordpress\/?p=789"},"modified":"2023-01-03T21:07:59","modified_gmt":"2023-01-03T20:07:59","slug":"bibliographie","status":"publish","type":"post","link":"https:\/\/mathieu.do-duc.fr\/?p=789","title":{"rendered":"Bibliographie"},"content":{"rendered":"<h2>\u00ab\u00a0PHOTO LA GRAPHIE MOI\u00a0\u00bb<\/h2>\n<p>Photographies : Mathieu Do Duc,<br \/>Pr\u00e9face : Didier Daeninckx<\/p>\n<p><span style=\"text-decoration: underline;\">Collection Librement<\/span><\/p>\n<p>96 pages<br \/>Portraits d&rsquo;enfants, citations d&rsquo;\u00e9crivains<br \/>Format : 21 x 21 cm<br \/>ISBN : 978-2-9517258-0-5<\/p>\n<h2>\u00ab\u00a0BODY AND SOUL\u00a0\u00bb<\/h2>\n<p>Coffret de 12 photos de Jazzmen \u00ab\u00a0live\u00a0\u00bb,<br \/>Pr\u00e9face du po\u00e8te Eric SARNER<\/p>\n<p>\u00e9ditions <span style=\"text-decoration: underline;\">Images Plurielles 2010<\/span><\/p>\n<p>\u00a0<\/p>\n<h2>\u00ab\u00a0VIETNAM 39\u00a0\u00bb<\/h2>\n<p>Coffret de 12 photos du Vietnam<br \/>Pr\u00e9face : lettre de Ngo Van Minh<\/p>\n<p>\u00e9ditions <span style=\"text-decoration: underline;\">Images plurielles 2012<\/span><\/p>\n<p>\u00a0<\/p>\n\n\n<h2 class=\"has-medium-gray-color has-text-color has-medium-font-size\" style=\"font-style:normal;font-weight:700\">\u00ab\u00a0LIRE A TOUT PRIX\u00a0\u00bb<\/h2>\n\n\n\n<p class=\"has-medium-gray-color has-text-color has-medium-font-size\"><em>photographies: Mathieu DO DUC<\/em><\/p>\n\n\n\n<p class=\"has-medium-gray-color has-text-color has-medium-font-size\"><em>Livre photographique sur les gens qui lisent <\/em><\/p>\n\n\n\n<p>pr\u00e9face : Eric Sarner<\/p>\n\n\n\n<p>Postface : Claude-Alain Arnaud<\/p>\n\n\n\n<div class=\"wp-container-1 wp-block-group\"><div class=\"wp-block-group__inner-container\">\n<p><em>\u00e9ditions Images plurielles 2019<\/em><\/p>\n<\/div><\/div>\n","protected":false},"excerpt":{"rendered":"<p>\u00ab\u00a0PHOTO LA GRAPHIE MOI\u00a0\u00bb Photographies : Mathieu Do Duc,Pr\u00e9face : Didier Daeninckx Collection Librement 96 pagesPortraits d&rsquo;enfants, citations d&rsquo;\u00e9crivainsFormat : 21 x 21 cmISBN : 978-2-9517258-0-5 \u00ab\u00a0BODY AND SOUL\u00a0\u00bb Coffret de 12 photos de Jazzmen \u00ab\u00a0live\u00a0\u00bb,Pr\u00e9face du po\u00e8te Eric SARNER \u00e9ditions Images Plurielles 2010 \u00a0 \u00ab\u00a0VIETNAM 39\u00a0\u00bb Coffret de 12 photos du VietnamPr\u00e9face : lettre &hellip; <a href=\"https:\/\/mathieu.do-duc.fr\/?p=789\" class=\"more-link\">Continuer la lecture de <span class=\"screen-reader-text\">Bibliographie<\/span>  <span class=\"meta-nav\">&rarr;<\/span><\/a><\/p>\n","protected":false},"author":2,"featured_media":0,"comment_status":"closed","ping_status":"closed","sticky":false,"template":"","format":"standard","meta":[],"categories":[4],"tags":[],"_links":{"self":[{"href":"https:\/\/mathieu.do-duc.fr\/index.php?rest_route=\/wp\/v2\/posts\/789"}],"collection":[{"href":"https:\/\/mathieu.do-duc.fr\/index.php?rest_route=\/wp\/v2\/posts"}],"about":[{"href":"https:\/\/mathieu.do-duc.fr\/index.php?rest_route=\/wp\/v2\/types\/post"}],"author":[{"embeddable":true,"href":"https:\/\/mathieu.do-duc.fr\/index.php?rest_route=\/wp\/v2\/users\/2"}],"replies":[{"embeddable":true,"href":"https:\/\/mathieu.do-duc.fr\/index.php?rest_route=%2Fwp%2Fv2%2Fcomments&post=789"}],"version-history":[{"count":5,"href":"https:\/\/mathieu.do-duc.fr\/index.php?rest_route=\/wp\/v2\/posts\/789\/revisions"}],"predecessor-version":[{"id":3325,"href":"https:\/\/mathieu.do-duc.fr\/index.php?rest_route=\/wp\/v2\/posts\/789\/revisions\/3325"}],"wp:attachment":[{"href":"https:\/\/mathieu.do-duc.fr\/index.php?rest_route=%2Fwp%2Fv2%2Fmedia&parent=789"}],"wp:term":[{"taxonomy":"category","embeddable":true,"href":"https:\/\/mathieu.do-duc.fr\/index.php?rest_route=%2Fwp%2Fv2%2Fcategories&post=789"},{"taxonomy":"post_tag","embeddable":true,"href":"https:\/\/mathieu.do-duc.fr\/index.php?rest_route=%2Fwp%2Fv2%2Ftags&post=789"}],"curies":[{"name":"wp","href":"https:\/\/api.w.org\/{rel}","templated":true}]}}