{"id":2110,"date":"2016-02-06T15:43:10","date_gmt":"2016-02-06T14:43:10","guid":{"rendered":"http:\/\/mathieu.do-duc.fr\/?p=2110"},"modified":"2016-02-13T18:57:49","modified_gmt":"2016-02-13T17:57:49","slug":"la-photo-du-mois-de-fevrier","status":"publish","type":"post","link":"https:\/\/mathieu.do-duc.fr\/?p=2110","title":{"rendered":"la photo du mois de F\u00e9vrier"},"content":{"rendered":"<figure id=\"attachment_2111\" aria-describedby=\"caption-attachment-2111\" style=\"width: 440px\" class=\"wp-caption alignright\"><img loading=\"lazy\" class=\"wp-image-2111\" src=\"https:\/\/mathieu.do-duc.fr\/wp-content\/uploads\/2016\/02\/kids-and-dog-\u00e0-Obon-300x206.jpg\" alt=\"kids and dog \u00e0 Obon\" width=\"440\" height=\"302\" srcset=\"https:\/\/mathieu.do-duc.fr\/wp-content\/uploads\/2016\/02\/kids-and-dog-\u00e0-Obon-300x206.jpg 300w, https:\/\/mathieu.do-duc.fr\/wp-content\/uploads\/2016\/02\/kids-and-dog-\u00e0-Obon-768x529.jpg 768w, https:\/\/mathieu.do-duc.fr\/wp-content\/uploads\/2016\/02\/kids-and-dog-\u00e0-Obon-1024x705.jpg 1024w\" sizes=\"(max-width: 440px) 100vw, 440px\" \/><figcaption id=\"caption-attachment-2111\" class=\"wp-caption-text\">Kids and Dog at Obon feast, Cal 2015<\/figcaption><\/figure>\n<p>&nbsp;<\/p>\n<p>&nbsp;<\/p>\n<p>&nbsp;<\/p>\n<p>&nbsp;<\/p>\n<p>&nbsp;<\/p>\n<!--[if lt IE 9]><script>document.createElement('audio');<\/script><![endif]-->\n<audio class=\"wp-audio-shortcode\" id=\"audio-2110-1\" autoplay=\"1\" preload=\"auto\" style=\"width: 100%;\" controls=\"controls\"><source type=\"audio\/mpeg\" src=\"https:\/\/mathieu.do-duc.fr\/wp-content\/uploads\/2016\/02\/04-The-Astounding-Eyes-Of-Rita.m4a?_=1\" \/><a href=\"https:\/\/mathieu.do-duc.fr\/wp-content\/uploads\/2016\/02\/04-The-Astounding-Eyes-Of-Rita.m4a\">https:\/\/mathieu.do-duc.fr\/wp-content\/uploads\/2016\/02\/04-The-Astounding-Eyes-Of-Rita.m4a<\/a><\/audio>\n<p>music<strong>: Anouar Brahem<\/strong>, <em>the astounding eyes of Rita<\/em><\/p>\n<p><!--more--><\/p>\n<p style=\"text-align: justify;\">Les photographes citent volontiers l&rsquo;influence d&rsquo;autres photographes, histoire d&rsquo;inscrire une sorte de filiation dans leur travail, rarement celle de cr\u00e9ateurs d&rsquo;autres disciplines artistiques&#8230;<\/p>\n<p style=\"text-align: justify;\">Pourtant\u00a0parfois, d&rsquo;autres artistes \u00a0dans d&rsquo;autres domaines ont marqu\u00e9 votre sensibilit\u00e9 de mani\u00e8re discr\u00e8te \u00a0voire\u00a0\u00a0ind\u00e9l\u00e9bile et il parait n\u00e9cessaire de leur rendre un petit hommage, non qu&rsquo;ils aient besoin de vous, car leur r\u00e9putation n&rsquo;est plus \u00e0 faire, mais juste pour \u00e9clairer ce petit bout de territoire secret de votre m\u00e9moire qui affleure malgr\u00e9 tout dans certaines photographies.<\/p>\n<p style=\"text-align: justify;\">D&rsquo;ailleurs, \u00e0 ce propos, un ami m&rsquo;a fait remarqu\u00e9 dans une des images propos\u00e9es sur <em><strong>\u00ab\u00a0lire \u00e0 Tout Prix\u00a0\u00bb<\/strong><\/em>\u00a0, que l&rsquo;homme qui lisait, avait la pose typique d&rsquo;un personnage de <em>Semp\u00e9<\/em>, un de mes illustrateurs pr\u00e9f\u00e9r\u00e9s avec cette fa\u00e7on de croquer le quotidien si particuli\u00e8re et si touchante.<\/p>\n<p style=\"text-align: justify;\">Dans ma\u00a0photo du mois de f\u00e9vrier publi\u00e9e ici, je pense immanquablement \u00a0\u00e0 cet autre\u00a0artiste, am\u00e9ricain cette fois ci, \u00a0que j&rsquo;appr\u00e9cie particuli\u00e8rement:\u00a0<em>Norman Rockwell <\/em>qui a \u00e9voqu\u00e9 dans ses illustrations\u00a0une Am\u00e9rique insouciante et id\u00e9ale, en surface du moins, qui m&rsquo;\u00e9meut toujours et me touche particuli\u00e8rement. \u00a0Car pour moi, si une image est toujours polys\u00e9mique, elle doit cependant laisser entrevoir la pens\u00e9e profonde de son auteur. Il \u00e9tait, \u00e0 mon humble avis, extr\u00eamement humaniste, et ses images en disent bien plus que ce qu&rsquo;elles ne laissent \u00e0 penser. Etre artiste est d\u00e9j\u00e0 un engagement me semble-t-il, dans la mesure o\u00f9, \u00e0 travers ses \u0153uvres un\u00a0Artiste\u00a0questionne sans cesse le monde et la soci\u00e9t\u00e9 qui l&rsquo;entourent!<\/p>\n<p style=\"text-align: justify;\">Les gens de ma g\u00e9n\u00e9ration ont \u00e9t\u00e9 \u00ab\u00a0biberonn\u00e9s\u00a0\u00bb \u00e0 la BD, aux dessins d&rsquo;illustration de\u00a0Cabu \u00e0 Semp\u00e9\u00a0en passant par Reiser, Br\u00e9techer et bien d&rsquo;autres, aux revues Charlie Hebdo et canard encha\u00een\u00e9.\u00a0Il va donc de soi que pour nous, \u00a0il existe de multiples fa\u00e7ons de s&rsquo;interroger et de poser un regard critique ou pas sur ce\u00a0qui nous environne. Tout est affaire de communaut\u00e9 de pens\u00e9e, de vibrations, de filiation! Pour le reste, ce qui est de la perception,\u00a0ce sont les battements\u00a0du\u00a0c\u0153ur et les yeux\u00a0qui\u00a0font la diff\u00e9rence!<\/p>\n<p style=\"text-align: justify;\">Evidemment, il faudrait y rajouter les influences du cin\u00e9ma, de la peinture, de la litt\u00e9rature! Ce sera l&rsquo;objet d&rsquo;une autre photo du mois \u00e0 venir&#8230; peut \u00eatre.<\/p>\n<p style=\"text-align: justify;\">\n","protected":false},"excerpt":{"rendered":"<p>&nbsp; &nbsp; &nbsp; &nbsp; &nbsp; music: Anouar Brahem, the astounding eyes of Rita<\/p>\n","protected":false},"author":2,"featured_media":2111,"comment_status":"closed","ping_status":"open","sticky":false,"template":"","format":"gallery","meta":[],"categories":[1],"tags":[17],"_links":{"self":[{"href":"https:\/\/mathieu.do-duc.fr\/index.php?rest_route=\/wp\/v2\/posts\/2110"}],"collection":[{"href":"https:\/\/mathieu.do-duc.fr\/index.php?rest_route=\/wp\/v2\/posts"}],"about":[{"href":"https:\/\/mathieu.do-duc.fr\/index.php?rest_route=\/wp\/v2\/types\/post"}],"author":[{"embeddable":true,"href":"https:\/\/mathieu.do-duc.fr\/index.php?rest_route=\/wp\/v2\/users\/2"}],"replies":[{"embeddable":true,"href":"https:\/\/mathieu.do-duc.fr\/index.php?rest_route=%2Fwp%2Fv2%2Fcomments&post=2110"}],"version-history":[{"count":9,"href":"https:\/\/mathieu.do-duc.fr\/index.php?rest_route=\/wp\/v2\/posts\/2110\/revisions"}],"predecessor-version":[{"id":2121,"href":"https:\/\/mathieu.do-duc.fr\/index.php?rest_route=\/wp\/v2\/posts\/2110\/revisions\/2121"}],"wp:featuredmedia":[{"embeddable":true,"href":"https:\/\/mathieu.do-duc.fr\/index.php?rest_route=\/wp\/v2\/media\/2111"}],"wp:attachment":[{"href":"https:\/\/mathieu.do-duc.fr\/index.php?rest_route=%2Fwp%2Fv2%2Fmedia&parent=2110"}],"wp:term":[{"taxonomy":"category","embeddable":true,"href":"https:\/\/mathieu.do-duc.fr\/index.php?rest_route=%2Fwp%2Fv2%2Fcategories&post=2110"},{"taxonomy":"post_tag","embeddable":true,"href":"https:\/\/mathieu.do-duc.fr\/index.php?rest_route=%2Fwp%2Fv2%2Ftags&post=2110"}],"curies":[{"name":"wp","href":"https:\/\/api.w.org\/{rel}","templated":true}]}}