{"id":2096,"date":"2016-01-10T23:35:46","date_gmt":"2016-01-10T22:35:46","guid":{"rendered":"http:\/\/mathieu.do-duc.fr\/?p=2096"},"modified":"2016-01-11T22:28:03","modified_gmt":"2016-01-11T21:28:03","slug":"la-photo-du-mois-de-janvier","status":"publish","type":"post","link":"https:\/\/mathieu.do-duc.fr\/?p=2096","title":{"rendered":"La Photo du mois de Janvier"},"content":{"rendered":"<figure id=\"attachment_2097\" aria-describedby=\"caption-attachment-2097\" style=\"width: 204px\" class=\"wp-caption aligncenter\"><img loading=\"lazy\" class=\"wp-image-2097 size-medium\" src=\"https:\/\/mathieu.do-duc.fr\/wp-content\/uploads\/2016\/01\/fabrice_et_Mme_Sourigues-204x300.jpg\" alt=\"fabrice_et_Mme_Sourigues\" width=\"204\" height=\"300\" srcset=\"https:\/\/mathieu.do-duc.fr\/wp-content\/uploads\/2016\/01\/fabrice_et_Mme_Sourigues-204x300.jpg 204w, https:\/\/mathieu.do-duc.fr\/wp-content\/uploads\/2016\/01\/fabrice_et_Mme_Sourigues-768x1129.jpg 768w, https:\/\/mathieu.do-duc.fr\/wp-content\/uploads\/2016\/01\/fabrice_et_Mme_Sourigues-697x1024.jpg 697w, https:\/\/mathieu.do-duc.fr\/wp-content\/uploads\/2016\/01\/fabrice_et_Mme_Sourigues.jpg 1666w\" sizes=\"(max-width: 204px) 100vw, 204px\" \/><figcaption id=\"caption-attachment-2097\" class=\"wp-caption-text\">Mme Sourigues et son Petit fils Fabrice,<\/figcaption><\/figure>\n<!--[if lt IE 9]><script>document.createElement('audio');<\/script><![endif]-->\n<audio class=\"wp-audio-shortcode\" id=\"audio-2096-1\" loop=\"1\" autoplay=\"1\" preload=\"none\" style=\"width: 100%;\" controls=\"controls\"><source type=\"audio\/mpeg\" src=\"https:\/\/mathieu.do-duc.fr\/wp-content\/uploads\/2016\/01\/2CELLOS_-_Shape_Of_My_Heart-334112066763930.mp3?_=1\" \/><a href=\"https:\/\/mathieu.do-duc.fr\/wp-content\/uploads\/2016\/01\/2CELLOS_-_Shape_Of_My_Heart-334112066763930.mp3\">https:\/\/mathieu.do-duc.fr\/wp-content\/uploads\/2016\/01\/2CELLOS_-_Shape_Of_My_Heart-334112066763930.mp3<\/a><\/audio>\n<p>musique par 2 cellos, \u00ab\u00a0<strong><em>Shape of my heart\u00a0\u00bb<\/em><\/strong><!--more--><\/p>\n<p>La photographie Humaniste participe d&rsquo;un principe tr\u00e8s simple : en ce qui me concerne, je photographie les gens naturellement comme s&rsquo;ils faisaient\u00a0partie de ma famille*, les enfants comme c&rsquo;\u00e9taient les miens (\u00ab\u00a0<em>Any child is my child<\/em>\u00a0\u00bb disait Mandela !),\u00a0\u00a0les a\u00een\u00e9s comme s&rsquo;ils s&rsquo;agissaient de mes propres grands-parents. \u00a0Que ce soit devant chez moi ou \u00e0 l&rsquo;autre bout du monde, que ce soit aujourd&rsquo;hui, hier ou demain. Id\u00e9alement, une photo n&rsquo;aurait besoin d&rsquo;aucune l\u00e9gende,\u00a0ni lieu, ni date&#8230;<\/p>\n<p>Sur la\u00a0photo du mois de janvier, on y voit Fabrice en compagnie de sa grand m\u00e8re. Il se trouve qu&rsquo;elle vient de d\u00e9c\u00e9der et je veux \u00a0par cette photo lui rendre un vibrant hommage. C&rsquo;est la maman d&rsquo;un ami de longue date et tr\u00e8s cher. Cette Marseillaise de naissance\u00a0m&rsquo;a accueilli il y a si longtemps (que l&rsquo;on finit par croire que c&rsquo;est depuis toujours) comme un vrai fils. \u00a0D&rsquo;ailleurs elle a toujours\u00a0consid\u00e9r\u00e9 les amis de ses enfants comme les siens. \u00a0Elle avait le c\u0153ur et les bras ouverts pour nous tous, \u00a0nous \u00e9tions en quelque sorte ses fils adoptifs. \u00a0Une famille \u00d4 combien nombreuse! Surtout apr\u00e8s le sport!<\/p>\n<p>Mais avec elle, pour moi qui venais du lointain Vietnam,\u00a0\u00e0 travers elle, c&rsquo;est toute une petite humanit\u00e9 marseillaise qui se r\u00e9v\u00e9lait \u00e0 mes yeux et \u00e0 mon \u00eatre, qui me d\u00e9roulait\u00a0ses\u00a0us et coutumes, \u00a0ses traditions familiales avec ses joies, ses jeux, ses rites de vie \u00e0 partager et \u00a0\u00e0 vivre ensemble. Des orages, des contrari\u00e9t\u00e9s certes il a d\u00fb y en avoir,\u00a0mais\u00a0 je ne l&rsquo;ai jamais vue de mauvaise humeur. Elle s&rsquo;inqui\u00e9tait toujours de nous, de mes parents, fr\u00e8res, s\u0153urs, enfants, petits enfants au fur et \u00e0 mesure que la vie d\u00e9filait.<\/p>\n<p>Et de la vie, il y en e\u00fbt\u00a0dans cette maison\u00a0&#8230;<\/p>\n<p>J&rsquo;y ai d\u00e9couvert les plats merveilleux de la cuisine marseillaise, les pieds paquets de la grand m\u00e8re, l&rsquo;a\u00efoli, la soupe au pistou, la soupe \u00e0 l&rsquo;oignon etc&#8230;<\/p>\n<p>Notre plat de pr\u00e9dilection: rien de tr\u00e8s sophistiqu\u00e9, un plat de p\u00e2tes au jus de poulet servi en toute simplicit\u00e9!<\/p>\n<p>Un jour, que je lui demandais \u00e0 quelle heure elle se r\u00e9veillait le matin, elle e\u00fbt cette r\u00e9ponse extraordinaire <em>\u00ab\u00a0eh, quand mes yeux s&rsquo;ouvrent&#8230;\u00a0\u00bb! \u00a0<\/em><\/p>\n<p>J&rsquo;ose penser que mon regard lui doit beaucoup!<\/p>\n<p>&nbsp;<\/p>\n<p><em>*r\u00e9f\u00e9rence \u00e0\u00a0la grande exposition des ann\u00e9es 60, \u00a0the Family of Man organis\u00e9e par Steichen<\/em><\/p>\n<p>&nbsp;<\/p>\n","protected":false},"excerpt":{"rendered":"<p>musique par 2 cellos, \u00ab\u00a0Shape of my heart\u00a0\u00bb<\/p>\n","protected":false},"author":2,"featured_media":2105,"comment_status":"closed","ping_status":"open","sticky":false,"template":"","format":"gallery","meta":[],"categories":[1],"tags":[17],"_links":{"self":[{"href":"https:\/\/mathieu.do-duc.fr\/index.php?rest_route=\/wp\/v2\/posts\/2096"}],"collection":[{"href":"https:\/\/mathieu.do-duc.fr\/index.php?rest_route=\/wp\/v2\/posts"}],"about":[{"href":"https:\/\/mathieu.do-duc.fr\/index.php?rest_route=\/wp\/v2\/types\/post"}],"author":[{"embeddable":true,"href":"https:\/\/mathieu.do-duc.fr\/index.php?rest_route=\/wp\/v2\/users\/2"}],"replies":[{"embeddable":true,"href":"https:\/\/mathieu.do-duc.fr\/index.php?rest_route=%2Fwp%2Fv2%2Fcomments&post=2096"}],"version-history":[{"count":7,"href":"https:\/\/mathieu.do-duc.fr\/index.php?rest_route=\/wp\/v2\/posts\/2096\/revisions"}],"predecessor-version":[{"id":2108,"href":"https:\/\/mathieu.do-duc.fr\/index.php?rest_route=\/wp\/v2\/posts\/2096\/revisions\/2108"}],"wp:featuredmedia":[{"embeddable":true,"href":"https:\/\/mathieu.do-duc.fr\/index.php?rest_route=\/wp\/v2\/media\/2105"}],"wp:attachment":[{"href":"https:\/\/mathieu.do-duc.fr\/index.php?rest_route=%2Fwp%2Fv2%2Fmedia&parent=2096"}],"wp:term":[{"taxonomy":"category","embeddable":true,"href":"https:\/\/mathieu.do-duc.fr\/index.php?rest_route=%2Fwp%2Fv2%2Fcategories&post=2096"},{"taxonomy":"post_tag","embeddable":true,"href":"https:\/\/mathieu.do-duc.fr\/index.php?rest_route=%2Fwp%2Fv2%2Ftags&post=2096"}],"curies":[{"name":"wp","href":"https:\/\/api.w.org\/{rel}","templated":true}]}}