{"id":2071,"date":"2015-12-11T21:48:22","date_gmt":"2015-12-11T20:48:22","guid":{"rendered":"http:\/\/mathieu.do-duc.fr\/?p=2071"},"modified":"2015-12-26T08:21:25","modified_gmt":"2015-12-26T07:21:25","slug":"la-photo-du-mois-de-decembre","status":"publish","type":"post","link":"https:\/\/mathieu.do-duc.fr\/?p=2071","title":{"rendered":"la Photo du mois de d\u00e9cembre"},"content":{"rendered":"<figure id=\"attachment_2072\" aria-describedby=\"caption-attachment-2072\" style=\"width: 202px\" class=\"wp-caption aligncenter\"><a href=\"https:\/\/mathieu.do-duc.fr\/wp-content\/uploads\/2015\/12\/78.jpg\"><img loading=\"lazy\" class=\"size-medium wp-image-2072\" src=\"https:\/\/mathieu.do-duc.fr\/wp-content\/uploads\/2015\/12\/78-202x300.jpg\" alt=\"Ivry-sur-Seine, 1988\" width=\"202\" height=\"300\" srcset=\"https:\/\/mathieu.do-duc.fr\/wp-content\/uploads\/2015\/12\/78-202x300.jpg 202w, https:\/\/mathieu.do-duc.fr\/wp-content\/uploads\/2015\/12\/78-690x1024.jpg 690w, https:\/\/mathieu.do-duc.fr\/wp-content\/uploads\/2015\/12\/78.jpg 1737w\" sizes=\"(max-width: 202px) 100vw, 202px\" \/><\/a><figcaption id=\"caption-attachment-2072\" class=\"wp-caption-text\">Ivry-sur-Seine, 1988<\/figcaption><\/figure>\n<p>&nbsp;<\/p>\n<!--[if lt IE 9]><script>document.createElement('audio');<\/script><![endif]-->\n<audio class=\"wp-audio-shortcode\" id=\"audio-2071-1\" autoplay=\"1\" preload=\"auto\" style=\"width: 100%;\" controls=\"controls\"><source type=\"audio\/mpeg\" src=\"https:\/\/mathieu.do-duc.fr\/wp-content\/uploads\/2015\/12\/2-03-In-California.m4a?_=1\" \/><a href=\"https:\/\/mathieu.do-duc.fr\/wp-content\/uploads\/2015\/12\/2-03-In-California.m4a\">https:\/\/mathieu.do-duc.fr\/wp-content\/uploads\/2015\/12\/2-03-In-California.m4a<\/a><\/audio>\n<p><em>musique: Joanna Newsom, In California album Ys<\/em><\/p>\n<p>Au cours du vernissage de l&rsquo;expo \u00ab\u00a0Lire \u00e0 tout Prix\u00a0\u00bb*, quelqu&rsquo;un m&rsquo;a questionn\u00e9 sur la photo de lecture que je pr\u00e9f\u00e9rais.<\/p>\n<p>C&rsquo;est toujours une question d\u00e9licate pour le photographe parce qu&rsquo;en r\u00e9alit\u00e9, toutes les photos expos\u00e9es\u00a0l\u00e0 \u00a0ont fait\u00a0 l&rsquo;objet d&rsquo;une longue \u00a0et douloureuse \u00a0s\u00e9lection et puisqu&rsquo;elles sont l\u00e0, forc\u00e9ment aim\u00e9es! Elles ont toutes une histoire, une raison d&rsquo;\u00eatre, m\u00eame celles qui sont \u00ab\u00a0techniquement\u00a0\u00bb plus faibles, moins abouties. C&rsquo;est donc toujours un cr\u00e8ve-c\u0153ur au moment de l&rsquo;Editing comme on \u00a0dit dans notre jargon.<\/p>\n<p>N\u00e9anmoins dans cette premi\u00e8re s\u00e9rie sur \u00ab\u00a0ceux qui lisent\u00a0\u00bb, j&rsquo;ai d\u00e9sign\u00e9 cette photo sans h\u00e9siter: Ce vietnamien avec son livre dans un foyer de jeunes travailleurs \u00e0 Ivry-sur-Seine. Il venait d&rsquo;arriver, c&rsquo;\u00e9tait un <strong>boat people<\/strong> comme on les appelait. Nous \u00e9tions avec mon fr\u00e8re sociologue qui l&rsquo;interviewait. Une histoire de migrations compliqu\u00e9e comme beaucoup de migrants fuyant leurs pays. Je ne raconterais pas l\u00e0 son parcours, ce n&rsquo;est pas le lieu, \u00a0mais juste le lien presque charnel qu&rsquo;il entretenait avec ce livre, le seul objet qui le rattachait \u00e0 son pays\u00a0et\u00a0aux siens, ce livre \u00a0auquel il se raccrochait de toutes ses forces, de toute son \u00e2me.<\/p>\n<p>Je ne sais pas ce qu&rsquo;il est devenu. J&rsquo;aime \u00e0 penser qu&rsquo;il a go\u00fbt\u00e9 comme moi \u00e0 la paix \u00e0 laquelle chacun de nous aspire, qu&rsquo;il a peut- \u00eatre retrouv\u00e9 \u00a0les siens et qu&rsquo;il continue \u00e0 lire tranquillement chez lui dans un fauteuil. Si je devais d\u00e9dier cette exposition, ce serait sans doute \u00e0 ce lecteur inconnu qui m&rsquo;a livr\u00e9 \u00a0ce jour l\u00e0\u00a0certaines pages de l&rsquo;histoire de mon pays&#8230;<\/p>\n<p><a href=\"https:\/\/mathieu.do-duc.fr\/?p=297\">\u00ab\u00a0Lire \u00e0 tout Prix\u00a0\u00bb<\/a><\/p>\n<ul>\n<li>Exposition du 9 au 31 d\u00e9cembre 2015 \u00e0 R\u00e9tine Argentique.\u00a0<a href=\"http:\/\/www.retineargentique.com\/index.php?option=com_content&amp;view=category&amp;layout=blog&amp;id=42&amp;Itemid=64\">r\u00e9tine argentique<\/a><\/li>\n<\/ul>\n<p>&nbsp;<\/p>\n<p>&nbsp;<\/p>\n<p>&nbsp;<\/p>\n","protected":false},"excerpt":{"rendered":"<p>&nbsp; musique: Joanna Newsom, In California album Ys Au cours du vernissage de l&rsquo;expo \u00ab\u00a0Lire \u00e0 tout Prix\u00a0\u00bb*, quelqu&rsquo;un m&rsquo;a questionn\u00e9 sur la photo de lecture que je pr\u00e9f\u00e9rais. C&rsquo;est toujours une question d\u00e9licate pour le photographe parce qu&rsquo;en r\u00e9alit\u00e9, toutes les photos expos\u00e9es\u00a0l\u00e0 \u00a0ont fait\u00a0 l&rsquo;objet d&rsquo;une longue \u00a0et douloureuse \u00a0s\u00e9lection et puisqu&rsquo;elles sont &hellip; <a href=\"https:\/\/mathieu.do-duc.fr\/?p=2071\" class=\"more-link\">Continuer la lecture de <span class=\"screen-reader-text\">la Photo du mois de d\u00e9cembre<\/span>  <span class=\"meta-nav\">&rarr;<\/span><\/a><\/p>\n","protected":false},"author":2,"featured_media":2076,"comment_status":"closed","ping_status":"open","sticky":false,"template":"","format":"gallery","meta":[],"categories":[1],"tags":[17],"_links":{"self":[{"href":"https:\/\/mathieu.do-duc.fr\/index.php?rest_route=\/wp\/v2\/posts\/2071"}],"collection":[{"href":"https:\/\/mathieu.do-duc.fr\/index.php?rest_route=\/wp\/v2\/posts"}],"about":[{"href":"https:\/\/mathieu.do-duc.fr\/index.php?rest_route=\/wp\/v2\/types\/post"}],"author":[{"embeddable":true,"href":"https:\/\/mathieu.do-duc.fr\/index.php?rest_route=\/wp\/v2\/users\/2"}],"replies":[{"embeddable":true,"href":"https:\/\/mathieu.do-duc.fr\/index.php?rest_route=%2Fwp%2Fv2%2Fcomments&post=2071"}],"version-history":[{"count":6,"href":"https:\/\/mathieu.do-duc.fr\/index.php?rest_route=\/wp\/v2\/posts\/2071\/revisions"}],"predecessor-version":[{"id":2090,"href":"https:\/\/mathieu.do-duc.fr\/index.php?rest_route=\/wp\/v2\/posts\/2071\/revisions\/2090"}],"wp:featuredmedia":[{"embeddable":true,"href":"https:\/\/mathieu.do-duc.fr\/index.php?rest_route=\/wp\/v2\/media\/2076"}],"wp:attachment":[{"href":"https:\/\/mathieu.do-duc.fr\/index.php?rest_route=%2Fwp%2Fv2%2Fmedia&parent=2071"}],"wp:term":[{"taxonomy":"category","embeddable":true,"href":"https:\/\/mathieu.do-duc.fr\/index.php?rest_route=%2Fwp%2Fv2%2Fcategories&post=2071"},{"taxonomy":"post_tag","embeddable":true,"href":"https:\/\/mathieu.do-duc.fr\/index.php?rest_route=%2Fwp%2Fv2%2Ftags&post=2071"}],"curies":[{"name":"wp","href":"https:\/\/api.w.org\/{rel}","templated":true}]}}